[{"@context":"https:\/\/schema.org\/","@type":"Article","@id":"https:\/\/www.mcc.sk\/zimne-chlapcenske-bundy\/#Article","mainEntityOfPage":"https:\/\/www.mcc.sk\/zimne-chlapcenske-bundy\/","headline":"Zimn\u00e9 chlap\u010densk\u00e9 bundy","name":"Zimn\u00e9 chlap\u010densk\u00e9 bundy","description":"U n\u00e1s n\u00e1jdete rozsiahlu ponuku chlap\u010densk\u00fdch b\u00fand na zimn\u00e9 obdobie. Ak va\u0161e mil\u00e9 ratolesti cez letn\u00e9 obdobie op\u00e4\u0165 o k\u00fasok podr\u00e1stli a hodila by sa im v\u00e4\u010d\u0161ia konfek\u010dn\u00e1 ve\u013ekos\u0165, nev\u00e1hajte im ich \u0161atn\u00edk o \u010fal\u0161\u00ed origin\u00e1lny k\u00fasok doplni\u0165. \u00c1no, presne&hellip;","datePublished":"2022-07-15","dateModified":"2024-02-20","author":{"@type":"Person","@id":"https:\/\/www.mcc.sk\/author\/#Person","name":"","url":"https:\/\/www.mcc.sk\/author\/","identifier":1,"image":{"@type":"ImageObject","@id":"https:\/\/secure.gravatar.com\/avatar\/42264ea8f5170010011c6bbf811aa6c31c20ad3acf2a9bd21dca0746ea8c832a?s=96&d=mm&r=g","url":"https:\/\/secure.gravatar.com\/avatar\/42264ea8f5170010011c6bbf811aa6c31c20ad3acf2a9bd21dca0746ea8c832a?s=96&d=mm&r=g","height":96,"width":96}},"publisher":{"@type":"Organization","name":"mcc.sk","logo":{"@type":"ImageObject","@id":"\/logo.png","url":"\/logo.png","width":600,"height":60}},"image":{"@type":"ImageObject","@id":"https:\/\/www.mcc.sk\/wp-content\/uploads\/OIP%20(6)_1.jpg","url":"https:\/\/www.mcc.sk\/wp-content\/uploads\/OIP%20(6)_1.jpg","height":0,"width":0},"url":"https:\/\/www.mcc.sk\/zimne-chlapcenske-bundy\/","about":["Spolo\u010dnos\u0165"],"wordCount":395,"articleBody":"   U n\u00e1s n\u00e1jdete rozsiahlu ponuku chlap\u010densk\u00fdch b\u00fand na zimn\u00e9 obdobie. Ak va\u0161e mil\u00e9 ratolesti cez letn\u00e9 obdobie op\u00e4\u0165 o k\u00fasok podr\u00e1stli a hodila by sa im v\u00e4\u010d\u0161ia konfek\u010dn\u00e1 ve\u013ekos\u0165, nev\u00e1hajte im ich \u0161atn\u00edk o \u010fal\u0161\u00ed origin\u00e1lny k\u00fasok doplni\u0165. \u00c1no, presne tak\u00e9 s\u00fa zimn\u00e9 bundy v na\u0161ej ponuke, ktor\u00e9 n\u00e1jdete na na\u0161ej internetovej str\u00e1nke. Origin\u00e1lne, vkusn\u00e9, p\u00f4sobiv\u00e9 a vesel\u00e9. Doprajte va\u0161im de\u0165om tieto super hodnoty, ktor\u00e9 s\u00fa prepojen\u00e9 s jednotliv\u00fdmi zimn\u00fdmi bundami. Hlavn\u00fdm parametrom je ve\u013ekos\u0165, materi\u00e1l a dostato\u010dn\u00e9 zateplenie bundy, tak\u017ee m\u00f4\u017eete by\u0165 pokojn\u00ed. S na\u0161imi zimn\u00fdmi bundami bud\u00fa va\u0161e deti v teple a hrejiv\u00fd pocit ich bude sprev\u00e1dza\u0165 cel\u00fd \u010das, ke\u010f bud\u00fa ma\u0165 dan\u00fa bundu na sebe.Zimn\u00e9 bundy pre chlapcov sa vyzna\u010duj\u00fa typick\u00fdmi chlap\u010densk\u00fdmi farbami a mot\u00edvmi. V ponuke n\u00e1jdete bundy na zips a s vreckami, ktor\u00e9 s\u00fa dostato\u010dne zateplen\u00e9. Vybra\u0165 si m\u00f4\u017eete medzi bundami s ko\u017eu\u0161inou alebo bez. Niektor\u00e9 s\u00fa s kapuc\u0148ou, ktor\u00e1 m\u00f4\u017ee by\u0165 olemovan\u00e1 hrejivou ko\u017eu\u0161inou pr\u00edjemnou na dotyk. Va\u0161e die\u0165a zabalen\u00e9 do takejto \u00fa\u017easnej zimnej bundy bude vyzera\u0165 na zjedenie. Materi\u00e1l je m\u00e4kk\u00fd a pohodln\u00fd, tak\u017ee sa nemus\u00edte ob\u00e1va\u0165 ur\u010dit\u00e9ho nekomfortu a obmedzenia pri pohybe v\u00e1\u0161ho die\u0165a\u0165a. Materi\u00e1l, z ktor\u00e9ho s\u00fa bundy zhotoven\u00e9 je kvalitn\u00fd, dobre spracovan\u00fd a nepriepustn\u00fd. Voda, vietor a in\u00e9 nepriazniv\u00e9 podmienky ako sneh a mr\u00e1z v \u017eiadnom pr\u00edpade nezni\u017euj\u00fa pohodlie a ochranu v\u00e1\u0161ho die\u0165a\u0165a, ktor\u00e9 zimn\u00e9 bundy pon\u00fakaj\u00fa. \u010eal\u0161\u00edm volite\u013en\u00fdm parametrom je samotn\u00e1 d\u013a\u017eka bundy. Z\u00e1le\u017e\u00ed len na v\u00e1s, pre \u010do sa rozhodnete. Kr\u00e1tky alebo dlh\u00fd strih? Zv\u00e1\u017ete plusy a m\u00ednusy, ktor\u00e9 v\u00e1m pr\u00edslu\u0161n\u00e9 strihy zimn\u00fdch b\u00fand navodzuj\u00fa. Farby n\u00e1jdete nen\u00e1padn\u00e9 zemit\u00e9, ktor\u00e9 spl\u00fdvaj\u00fa s okolitou pr\u00edrodou ako aj v\u00fdrazn\u00e9, ktor\u00e9 doslova kri\u010dia a hl\u00e1sia sa o pozornos\u0165. Ak sa neviete rozhodn\u00fa\u0165, pokojne zvo\u013ete za aktu\u00e1lnu v\u00fdhodn\u00fa cenov\u00fa ponuku aj dve bundy, ktor\u00e9 va\u0161e die\u0165a ur\u010dite vhodne vystrieda a po\u010das zimn\u00e9ho obdobia vynos\u00ed.                                                                                                                                                                                                                                                                                                                                                                                          4.2\/5 - (12 votes)        "},{"@context":"https:\/\/schema.org\/","@type":"BreadcrumbList","itemListElement":[{"@type":"ListItem","position":1,"name":"Zimn\u00e9 chlap\u010densk\u00e9 bundy","item":"https:\/\/www.mcc.sk\/zimne-chlapcenske-bundy\/#breadcrumbitem"}]}]