[{"@context":"https:\/\/schema.org\/","@type":"Article","@id":"https:\/\/www.mcc.sk\/elektromagneticky-smog\/#Article","mainEntityOfPage":"https:\/\/www.mcc.sk\/elektromagneticky-smog\/","headline":"Elektromagnetick\u00fd smog","name":"Elektromagnetick\u00fd smog","description":"Nie\u010do, \u010do nikto neberie do \u00favahy je fakt, \u017ee sp\u00f4sob n\u00e1\u0161ho \u017eivota neovplyv\u0148uje len na\u0161u \u010dinnos\u0165 \u010di n\u00e1vyky, ale aj zdravie, \u010do si v\u0161ak \u010dasto neuvedomujeme. Probl\u00e9m b\u00fdva v\u00a0tom, \u017ee za posledn\u00e9 roky dom\u00e1cnosti pre\u0161li nieko\u013ek\u00fdmi z\u00e1sadn\u00fdmi zmenami. Nikdy sa&hellip;","datePublished":"2019-01-19","dateModified":"2019-01-19","author":{"@type":"Person","@id":"https:\/\/www.mcc.sk\/author\/#Person","name":"","url":"https:\/\/www.mcc.sk\/author\/","identifier":1,"image":{"@type":"ImageObject","@id":"https:\/\/secure.gravatar.com\/avatar\/42264ea8f5170010011c6bbf811aa6c31c20ad3acf2a9bd21dca0746ea8c832a?s=96&d=mm&r=g","url":"https:\/\/secure.gravatar.com\/avatar\/42264ea8f5170010011c6bbf811aa6c31c20ad3acf2a9bd21dca0746ea8c832a?s=96&d=mm&r=g","height":96,"width":96}},"publisher":{"@type":"Organization","name":"mcc.sk","logo":{"@type":"ImageObject","@id":"\/logo.png","url":"\/logo.png","width":600,"height":60}},"image":{"@type":"ImageObject","@id":"https:\/\/www.mcc.sk\/wp-content\/uploads\/img_a297955_w16740_t1553004294.jpg","url":"https:\/\/www.mcc.sk\/wp-content\/uploads\/img_a297955_w16740_t1553004294.jpg","height":0,"width":0},"url":"https:\/\/www.mcc.sk\/elektromagneticky-smog\/","wordCount":485,"articleBody":"Nie\u010do, \u010do nikto neberie do \u00favahy je fakt, \u017ee sp\u00f4sob n\u00e1\u0161ho \u017eivota neovplyv\u0148uje len na\u0161u \u010dinnos\u0165 \u010di n\u00e1vyky, ale aj zdravie, \u010do si v\u0161ak \u010dasto neuvedomujeme. Probl\u00e9m b\u00fdva v\u00a0tom, \u017ee za posledn\u00e9 roky dom\u00e1cnosti pre\u0161li nieko\u013ek\u00fdmi z\u00e1sadn\u00fdmi zmenami. Nikdy sa za tak kr\u00e1tky \u010das domovy nemenili, takisto sa nemenili ani sp\u00f4soby \u013eud\u00ed. \u010co m\u00f4\u017ee by\u0165 na prv\u00fd kr\u00e1t ve\u013emi u\u017eito\u010dn\u00e9, na druh\u00fd m\u00f4\u017ee vystra\u0161i\u0165 alebo \u0161okova\u0165. Nie je preto \u0165a\u017ek\u00e9 n\u00e1js\u0165 inform\u00e1cie, ktor\u00e9 spochybnia va\u0161u istotu o\u00a0domove a\u00a0jeho bezpe\u010dnosti.V\u0161etko to za\u010d\u00edna spotrebi\u010dmiNie a\u017e tak \u0161okuj\u00face ak sa zamysl\u00edte, \u010do sa za minul\u00fdch sto rokov zmenilo. Nie je jednoduch\u00e9 vzda\u0165 sa pohodlnosti, ktor\u00fa elektronika doniesla. Vedeli ste v\u0161ak, \u017ee niektor\u00fdm \u013eu\u010fom v\u00f4bec nerob\u00ed dobre? Nie je to len o\u00a0senzibilite, alebo nahov\u00e1ran\u00ed, \u017ee sa v\u00e1m to iba zd\u00e1. \u013dudia, ktor\u00ed bojuj\u00fa s\u00a0tak\u00fdmto probl\u00e9mom v\u00e4\u010d\u0161inou nemaj\u00fa kde \u00eds\u0165. Pod\u013ea niektor\u00fdch je len ot\u00e1zne, kedy aj n\u00e1m bude v\u00a0domovoch elektronika prek\u00e1\u017ea\u0165 nato\u013eko, \u017ee to za\u010dne vyvol\u00e1va\u0165 zdravotn\u00e9 \u0165a\u017ekosti. Ak b\u00fdvate v\u00a0komunite, kde ka\u017ed\u00e1 dom\u00e1cnos\u0165 je na seba nalepen\u00e1, napr\u00edklad v\u00a0bytovke, ide u\u017e teraz o\u00a0zdravie. A\u00a0to nie len fyzick\u00e9, ale aj du\u0161evn\u00e9.Aj psychika je d\u00f4le\u017eit\u00e1Smog, ktor\u00fd vznik\u00e1 z\u00a0telev\u00edzora alebo po\u010d\u00edta\u010dov a\u00a0\u010dasto kr\u00e1t aj mobilov, ktor\u00e9 s\u00fa inteligentn\u00e9, nep\u00f4sob\u00ed len na na\u0161e telo. Okrem vzduchu, ktor\u00fd nie je ani len z\u010faleka \u010derstv\u00fd a\u00a0obrazovky, ktorej \u017eiarenie p\u00f4sob\u00ed na na\u0161e telo, je tu aj \u010fal\u0161\u00ed podstatn\u00fd faktor. Pod\u013ea mnoh\u00fdch prieskumov, psychick\u00e9 zdravie je rovnako n\u00e1chyln\u00e9 na r\u00f4zne elektronick\u00e9 zariadenia. Depresia, \u00fazkos\u0165 a\u00a0n\u00e1ladovos\u0165, u\u00a0det\u00ed neschopnos\u0165 s\u00fastredi\u0165 sa, to s\u00fa hlavn\u00e9 pr\u00edznaky toho, \u017ee na v\u00e1s p\u00f4sob\u00ed toto \u017eiarenie. \u010casto si potom \u013eudia nahov\u00e1raj\u00fa in\u00e9 zdravotn\u00e9 probl\u00e9my. B\u00fa\u0161enie srdca, s\u0165a\u017een\u00e9 d\u00fdchanie alebo boles\u0165 hlavy. Aj vy patr\u00edte do tejto kateg\u00f3rie?Ako tomu pred\u00eds\u0165?Jedno jasn\u00e9 rie\u0161enie je rovno pred vami. Odstr\u00e1nenie elektroniky, hoci len nezapnutej z\u00a0v\u00e1\u0161ho \u017eivota celkovo zlep\u0161\u00ed zdravie, ale aj pocit sam\u00fdch z\u00a0v\u00e1s. Ako to rie\u0161i\u0165 v\u00a0pr\u00edpade panel\u00e1ku? Toto je \u0165a\u017e\u0161ie, ke\u010f\u017ee \u017eijete s\u00a0ve\u013ek\u00fdm po\u010dtom \u013eud\u00ed a\u00a0samotn\u00e9 steny \u017eiarenie nie s\u00fa schopn\u00e9 zastavi\u0165. Ak c\u00edtite, \u017ee m\u00e1te zdravotn\u00e9 probl\u00e9my, je na \u010dase sa pres\u0165ahova\u0165 na dedinu, alebo do menej \u013eudnatej \u0161tvrti. Dbajte na \u010distotu v\u00e1\u0161ho prostredia aj v\u010faka \u010dast\u00e9mu vetraniu a\u00a0\u010do najmen\u0161iemu \u010dasu str\u00e1ven\u00e9mu za obrazovkou.                                                                                                                                                                                                                                                                                                                                                                                        4.5\/5 - (6 votes)        "},{"@context":"https:\/\/schema.org\/","@type":"BreadcrumbList","itemListElement":[{"@type":"ListItem","position":1,"name":"Elektromagnetick\u00fd smog","item":"https:\/\/www.mcc.sk\/elektromagneticky-smog\/#breadcrumbitem"}]}]